{"id":2935,"date":"2014-09-01T08:43:39","date_gmt":"2014-09-01T08:43:39","guid":{"rendered":"https:\/\/www.dreamchrono.com\/fr\/?p=2935"},"modified":"2014-09-01T08:49:33","modified_gmt":"2014-09-01T08:49:33","slug":"march-lab-am2-montebourg","status":"publish","type":"post","link":"https:\/\/www.dreamchrono.com\/fr\/2014\/09\/march-lab-am2-montebourg\/","title":{"rendered":"Le buzz du week-end\u00a0: la marque March LA.B"},"content":{"rendered":"<p align=\"justify\">Connaissez-vous la marque <strong>March LA.B<\/strong>\u00a0? Si vous \u00eates un passionn\u00e9 de montres \u00e0 la pointe des nouveaut\u00e9s, certainement\u00a0! Mais pour ceux qui ne connaitraient pas cette marque, plut\u00f4t confidentielle et r\u00e9cente voici quelques petites informations qui vous permettront d\u2019avoir l\u2019air branch\u00e9.<\/p>\n<p align=\"justify\">La marque March LA.B a \u00e9t\u00e9 fond\u00e9e il y a quelques petites ann\u00e9es par deux passionn\u00e9s de montres qui voyagent entre deux continents. Alain Marhic vit \u00e0 Biarritz (B) et J\u00e9r\u00f4me Mage vit \u00e0 Los Angeles (LA).\u00a0Les mod\u00e8les qu\u2019elle propose sont inspir\u00e9s des ann\u00e9es 1960 et 1970, et ils sont impr\u00e9gn\u00e9s de la culture US de cette \u00e9poque, rock n\u2019roll, et grands espaces.<\/p>\n<ul>\n<li>La March LA.B AM2 Burgundy Automatic qui fleure bon l\u2019asphalte des US et le cuir des int\u00e9rieurs de Muscle Car<\/li>\n<li>La March LA.B AM3, embl\u00e9matique du style de la marque, r\u00e9tro et masculine<\/li>\n<li>La March LA.B AM1, qui revisite le meilleur des ann\u00e9es 60<\/li>\n<\/ul>\n\n\t\t<style>\n\t\t\t#gallery-1 {\n\t\t\t\tmargin: auto;\n\t\t\t}\n\t\t\t#gallery-1 .gallery-item {\n\t\t\t\tfloat: left;\n\t\t\t\tmargin-top: 10px;\n\t\t\t\ttext-align: center;\n\t\t\t\twidth: 33%;\n\t\t\t}\n\t\t\t#gallery-1 img {\n\t\t\t\tborder: 2px solid #cfcfcf;\n\t\t\t}\n\t\t\t#gallery-1 .gallery-caption {\n\t\t\t\tmargin-left: 0;\n\t\t\t}\n\t\t\t\/* see gallery_shortcode() in wp-includes\/media.php *\/\n\t\t<\/style>\n\t\t<div id='gallery-1' class='gallery galleryid-2935 gallery-columns-3 gallery-size-thumbnail'><dl class='gallery-item'>\n\t\t\t<dt class='gallery-icon portrait'>\n\t\t\t\t<a href='https:\/\/www.dreamchrono.com\/fr\/wp-content\/uploads\/sites\/6\/2014\/09\/march-lab-am1.jpg' title=\"\" data-rl_title=\"\" class=\"rl-gallery-link\" data-rl_caption=\"\" data-rel=\"lightbox-gallery-1\"><img loading=\"lazy\" decoding=\"async\" width=\"150\" height=\"150\" src=\"https:\/\/www.dreamchrono.com\/fr\/wp-content\/uploads\/sites\/6\/2014\/09\/march-lab-am1-150x150.jpg\" class=\"attachment-thumbnail size-thumbnail\" alt=\"March LA.B AM1\" aria-describedby=\"gallery-1-2941\" \/><\/a>\n\t\t\t<\/dt>\n\t\t\t\t<dd class='wp-caption-text gallery-caption' id='gallery-1-2941'>\n\t\t\t\tMarch LA.B AM1\n\t\t\t\t<\/dd><\/dl><dl class='gallery-item'>\n\t\t\t<dt class='gallery-icon portrait'>\n\t\t\t\t<a href='https:\/\/www.dreamchrono.com\/fr\/wp-content\/uploads\/sites\/6\/2014\/09\/march-lab-am2.jpg' title=\"\" data-rl_title=\"\" class=\"rl-gallery-link\" data-rl_caption=\"\" data-rel=\"lightbox-gallery-1\"><img loading=\"lazy\" decoding=\"async\" width=\"150\" height=\"150\" src=\"https:\/\/www.dreamchrono.com\/fr\/wp-content\/uploads\/sites\/6\/2014\/09\/march-lab-am2-150x150.jpg\" class=\"attachment-thumbnail size-thumbnail\" alt=\"March LA.B AM2\" aria-describedby=\"gallery-1-2942\" \/><\/a>\n\t\t\t<\/dt>\n\t\t\t\t<dd class='wp-caption-text gallery-caption' id='gallery-1-2942'>\n\t\t\t\tMarch LA.B AM2\n\t\t\t\t<\/dd><\/dl><dl class='gallery-item'>\n\t\t\t<dt class='gallery-icon portrait'>\n\t\t\t\t<a href='https:\/\/www.dreamchrono.com\/fr\/wp-content\/uploads\/sites\/6\/2014\/09\/march-lab-am3.jpg' title=\"\" data-rl_title=\"\" class=\"rl-gallery-link\" data-rl_caption=\"\" data-rel=\"lightbox-gallery-1\"><img loading=\"lazy\" decoding=\"async\" width=\"150\" height=\"150\" src=\"https:\/\/www.dreamchrono.com\/fr\/wp-content\/uploads\/sites\/6\/2014\/09\/march-lab-am3-150x150.jpg\" class=\"attachment-thumbnail size-thumbnail\" alt=\"March LA.B AM3\" aria-describedby=\"gallery-1-2943\" \/><\/a>\n\t\t\t<\/dt>\n\t\t\t\t<dd class='wp-caption-text gallery-caption' id='gallery-1-2943'>\n\t\t\t\tMarch LA.B AM3\n\t\t\t\t<\/dd><\/dl><br style=\"clear: both\" \/>\n\t\t<\/div>\n\n<h2>March LA.B &#8211; Une nouvelle boutique<\/h2>\n<p align=\"justify\">Cette jeune marque a ouvert r\u00e9cemment sa premi\u00e8re boutique en propre dans le quartier du Marais \u00e0 Paris. Dans un espace de 75 m2 vous pourrez profiter de confortables fauteuils vintage verts (couleur embl\u00e9matique de la marque) qui se m\u00ealent \u00e0 un mobilier chin\u00e9 qui vous renvoie aux ann\u00e9es 50\/60, histoire de vous immerger dans l\u2019univers de la marque March LA.B.<\/p>\n<div id=\"attachment_2938\" style=\"width: 610px\" class=\"wp-caption aligncenter\"><a href=\"https:\/\/www.dreamchrono.com\/fr\/wp-content\/uploads\/sites\/6\/2014\/09\/march-la-b-boutique-paris.jpg\" data-rel=\"lightbox-image-3\" data-rl_title=\"\" data-rl_caption=\"\"><img loading=\"lazy\" decoding=\"async\" aria-describedby=\"caption-attachment-2938\" class=\" wp-image-2938 \" title=\"\" alt=\"March LA.B Boutique dans Le Marais (Paris)\" src=\"https:\/\/www.dreamchrono.com\/fr\/wp-content\/uploads\/sites\/6\/2014\/09\/march-la-b-boutique-paris.jpg\" width=\"600\" height=\"259\" srcset=\"https:\/\/www.dreamchrono.com\/fr\/wp-content\/uploads\/sites\/6\/2014\/09\/march-la-b-boutique-paris.jpg 836w, https:\/\/www.dreamchrono.com\/fr\/wp-content\/uploads\/sites\/6\/2014\/09\/march-la-b-boutique-paris-300x129.jpg 300w\" sizes=\"auto, (max-width: 600px) 100vw, 600px\" \/><\/a><p id=\"caption-attachment-2938\" class=\"wp-caption-text\">March LA.B Boutique dans Le Marais (Paris)<\/p><\/div>\n<p align=\"justify\">C\u2019est d\u2019ailleurs dans ce lieu chaleureux que notre ex Ministre de l\u2019\u00e9conomie, Arnaud Montebourg a choisi la sienne. Un mod\u00e8le AM 2, du nom de son cr\u00e9ateur, Alain Marhic. C\u2019est donc au poignet de notre trublion ex ministre que la montre a fait, \u00e0 l\u2019universit\u00e9 du Parti Socialiste \u00e0 La Rochelle, une entr\u00e9e m\u00e9diatique remarqu\u00e9e\u2026<\/p>\n<p align=\"justify\">La marque est Fran\u00e7aise, le mod\u00e8le AM 2 a \u00e9t\u00e9 dessin\u00e9 en France et assembl\u00e9 \u00e0 Morteau, en Franche-Comt\u00e9. Voil\u00e0 un pedigree qui n\u2019a pu que s\u00e9duire notre ex Ministre de l\u2019\u00e9conomie, grand d\u00e9fenseur du \u00ab\u00a0made in France\u00a0\u00bb. En outre, son prix (abordable), ne soul\u00e8vera pas de s\u00e9v\u00e8res critiques de la part des grands pourfendeurs des d\u00e9penses bling bling\u00a0!<\/p>\n<div id=\"attachment_2939\" style=\"width: 610px\" class=\"wp-caption aligncenter\"><a href=\"https:\/\/www.dreamchrono.com\/fr\/wp-content\/uploads\/sites\/6\/2014\/09\/arnaud-montebourg-portait-lors-de-la-fete-de-la-rose.jpg\" data-rel=\"lightbox-image-4\" data-rl_title=\"\" data-rl_caption=\"\"><img loading=\"lazy\" decoding=\"async\" aria-describedby=\"caption-attachment-2939\" class=\" wp-image-2939 \" title=\"\" alt=\"Arnaud Montebourg avec la March LA.B AM2 au poignet !\" src=\"https:\/\/www.dreamchrono.com\/fr\/wp-content\/uploads\/sites\/6\/2014\/09\/arnaud-montebourg-portait-lors-de-la-fete-de-la-rose.jpg\" width=\"600\" height=\"300\" srcset=\"https:\/\/www.dreamchrono.com\/fr\/wp-content\/uploads\/sites\/6\/2014\/09\/arnaud-montebourg-portait-lors-de-la-fete-de-la-rose.jpg 800w, https:\/\/www.dreamchrono.com\/fr\/wp-content\/uploads\/sites\/6\/2014\/09\/arnaud-montebourg-portait-lors-de-la-fete-de-la-rose-300x150.jpg 300w\" sizes=\"auto, (max-width: 600px) 100vw, 600px\" \/><\/a><p id=\"caption-attachment-2939\" class=\"wp-caption-text\">Arnaud Montebourg avec la March LA.B AM2 au poignet !<\/p><\/div>\n<h2>March LA.B &#8211; Le mod\u00e8le AM 2<\/h2>\n<p align=\"justify\">Montre au design r\u00e9tro des ann\u00e9es 70, l\u2019AM 2 a un boitier carr\u00e9 de 38 mm, aux angles coup\u00e9s et une couronne de remontage \u00e0 4 heures. Son cadran noir lui donne de la profondeur, avec l\u2019index silver. L\u2019indication des secondes, avec sa trotteuse verte, est harmonieuse. Le guichet date est situ\u00e9 \u00e0 3 heures et le logo March LA.B est positionn\u00e9 \u00e0 midi. La beaut\u00e9 de cette montre de dandy urbain se poursuit jusque dans le dos du boitier qui reprend son m\u00e9canisme en transparence avec un fond trait\u00e9 saphir de couleur verte.<\/p>\n<div id=\"attachment_2940\" style=\"width: 398px\" class=\"wp-caption aligncenter\"><a href=\"https:\/\/www.dreamchrono.com\/fr\/wp-content\/uploads\/sites\/6\/2014\/09\/march-la-b-am2-black-electric.jpg\" data-rel=\"lightbox-image-5\" data-rl_title=\"\" data-rl_caption=\"\"><img loading=\"lazy\" decoding=\"async\" aria-describedby=\"caption-attachment-2940\" class=\" wp-image-2940 \" title=\"\" alt=\"March LA.B AM2 - Black Electric\" src=\"https:\/\/www.dreamchrono.com\/fr\/wp-content\/uploads\/sites\/6\/2014\/09\/march-la-b-am2-black-electric.jpg\" width=\"388\" height=\"600\" srcset=\"https:\/\/www.dreamchrono.com\/fr\/wp-content\/uploads\/sites\/6\/2014\/09\/march-la-b-am2-black-electric.jpg 698w, https:\/\/www.dreamchrono.com\/fr\/wp-content\/uploads\/sites\/6\/2014\/09\/march-la-b-am2-black-electric-661x1024.jpg 661w\" sizes=\"auto, (max-width: 388px) 100vw, 388px\" \/><\/a><p id=\"caption-attachment-2940\" class=\"wp-caption-text\">March LA.B AM2 &#8211; Black Electric<\/p><\/div>\n<h2>March LA.B &#8211; Conclusion et prix<\/h2>\n<p align=\"justify\">C\u2019est une montre chic, \u00e0 l\u2019aise dans toutes les situations donc\u2026 Parfaite pour \u00eatre arbor\u00e9e par un ex Ministre, lors des Universit\u00e9s d\u2019\u00e9t\u00e9 de son parti\u00a0!!! Son prix de vente e-boutique est de 395 Euros. (<a href=\"http:\/\/www.march-lab.com\/mens\/am2-black-electric\/\" target=\"_blank\">march-lab.com<\/a>)<\/p>\n<p align=\"center\"><iframe loading=\"lazy\" src=\"\/\/www.youtube.com\/embed\/7K7EcbnTvws\" height=\"315\" width=\"560\" allowfullscreen=\"\" frameborder=\"0\" align=\"center\"><\/iframe><\/p>\n<p align=\"justify\">Pour plus d&rsquo;informations sur ce Buzz du Week End \u00e0\u00a0propos de March LA.B, voici deux articles \u00e0\u00a0d\u00e9couvrir sur <a href=\"http:\/\/www.atlantico.fr\/decryptage\/incroyable-histoire-nouvelle-montre-francaise-arnaud-montebourg-gregory-pons-1727952.html\" target=\"_blank\">Atlantico<\/a> &amp; <a href=\"http:\/\/www.businessmontres.com\/lesles-bonnes-lectures-du-week-end\/arnaudmontebourg-marchlab-alainmarhic-madeinfrance-morteau-pequignet-patekphilippe-longines-pipolitique-lincroyable-histoire-de-la-nouvelle-montre-darnaud-montebourg\" target=\"_blank\">BusinessMontres<\/a>.<\/p>\n","protected":false},"excerpt":{"rendered":"<p>Connaissez-vous la marque March LA.B\u00a0? Si vous \u00eates un passionn\u00e9 de montres \u00e0 la pointe des nouveaut\u00e9s, certainement\u00a0! Mais pour ceux qui ne connaitraient pas cette marque, plut\u00f4t confidentielle et r\u00e9cente voici quelques petites informations qui vous permettront d\u2019avoir l\u2019air branch\u00e9. La marque March LA.B a \u00e9t\u00e9 fond\u00e9e il y a quelques petites ann\u00e9es par [&hellip;]<\/p>\n","protected":false},"author":26,"featured_media":2946,"comment_status":"open","ping_status":"open","sticky":false,"template":"","format":"standard","meta":{"_acf_changed":false,"footnotes":""},"categories":[109,113,43],"tags":[198],"class_list":["post-2935","post","type-post","status-publish","format-standard","has-post-thumbnail","hentry","category-en-dessous-de-500","category-march-la-b","category-watchspotting","tag-march-la-b","odd"],"acf":[],"amp_enabled":true,"_links":{"self":[{"href":"https:\/\/www.dreamchrono.com\/fr\/wp-json\/wp\/v2\/posts\/2935","targetHints":{"allow":["GET"]}}],"collection":[{"href":"https:\/\/www.dreamchrono.com\/fr\/wp-json\/wp\/v2\/posts"}],"about":[{"href":"https:\/\/www.dreamchrono.com\/fr\/wp-json\/wp\/v2\/types\/post"}],"author":[{"embeddable":true,"href":"https:\/\/www.dreamchrono.com\/fr\/wp-json\/wp\/v2\/users\/26"}],"replies":[{"embeddable":true,"href":"https:\/\/www.dreamchrono.com\/fr\/wp-json\/wp\/v2\/comments?post=2935"}],"version-history":[{"count":4,"href":"https:\/\/www.dreamchrono.com\/fr\/wp-json\/wp\/v2\/posts\/2935\/revisions"}],"predecessor-version":[{"id":2947,"href":"https:\/\/www.dreamchrono.com\/fr\/wp-json\/wp\/v2\/posts\/2935\/revisions\/2947"}],"wp:featuredmedia":[{"embeddable":true,"href":"https:\/\/www.dreamchrono.com\/fr\/wp-json\/wp\/v2\/media\/2946"}],"wp:attachment":[{"href":"https:\/\/www.dreamchrono.com\/fr\/wp-json\/wp\/v2\/media?parent=2935"}],"wp:term":[{"taxonomy":"category","embeddable":true,"href":"https:\/\/www.dreamchrono.com\/fr\/wp-json\/wp\/v2\/categories?post=2935"},{"taxonomy":"post_tag","embeddable":true,"href":"https:\/\/www.dreamchrono.com\/fr\/wp-json\/wp\/v2\/tags?post=2935"}],"curies":[{"name":"wp","href":"https:\/\/api.w.org\/{rel}","templated":true}]}}