{"id":2978,"date":"2014-09-09T20:33:57","date_gmt":"2014-09-09T20:33:57","guid":{"rendered":"https:\/\/www.dreamchrono.com\/fr\/?p=2978"},"modified":"2014-09-10T06:59:23","modified_gmt":"2014-09-10T06:59:23","slug":"apple-watch-premiere-impression","status":"publish","type":"post","link":"https:\/\/www.dreamchrono.com\/fr\/2014\/09\/apple-watch-premiere-impression\/","title":{"rendered":"Et voici l\u2019Apple Watch\u2026 Premi\u00e8re Impression !"},"content":{"rendered":"<p align=\"justify\">Le 9 septembre 2014, \u00e0 l\u2019occasion de sa conf\u00e9rence de presse (Keynote), 10:00 (PDT) \u00e0 Cupertino, en Californie, Apple a pr\u00e9sent\u00e9 son Apple Watch. On l\u2019attendait, on la redoutait\u2026 La voil\u00e0 enfin\u00a0!\u00a0Beaucoup d\u2019encre avait coul\u00e9 sur ce sujet. Qu\u2019en serait-il de l\u2019avenir de la montre Suisse\u00a0? De nombreux sp\u00e9cialistes redoutant qu\u2019Apple et sa montre, suppos\u00e9e, ne viennent empi\u00e9ter sur les plates-bandes du march\u00e9 de la montre Suisse\u2026<\/p>\n<h2>Qui a peur de la Apple Watch\u00a0??<\/h2>\n<div id=\"attachment_2982\" style=\"width: 516px\" class=\"wp-caption aligncenter\"><a href=\"https:\/\/www.dreamchrono.com\/fr\/wp-content\/uploads\/sites\/6\/2014\/09\/apple-watch.jpg\" data-rel=\"lightbox-image-0\" data-rl_title=\"\" data-rl_caption=\"\"><img loading=\"lazy\" decoding=\"async\" aria-describedby=\"caption-attachment-2982\" class=\" wp-image-2982 \" title=\"\" alt=\"Apple Watch\" src=\"https:\/\/www.dreamchrono.com\/fr\/wp-content\/uploads\/sites\/6\/2014\/09\/apple-watch.jpg\" width=\"506\" height=\"600\" srcset=\"https:\/\/www.dreamchrono.com\/fr\/wp-content\/uploads\/sites\/6\/2014\/09\/apple-watch.jpg 794w, https:\/\/www.dreamchrono.com\/fr\/wp-content\/uploads\/sites\/6\/2014\/09\/apple-watch-253x300.jpg 253w\" sizes=\"auto, (max-width: 506px) 100vw, 506px\" \/><\/a><p id=\"caption-attachment-2982\" class=\"wp-caption-text\">Apple Watch<\/p><\/div>\n<p align=\"justify\">Dans un entretien publi\u00e9 la semaine derni\u00e8re dans le magazine Hebdo, Nick Hayek, le patron du Swatch Group, a affirm\u00e9 que l\u2019industrie horlog\u00e8re Suisse n\u2019avait rien \u00e0 craindre de la montre intelligente.\u00a0Hayek a rappel\u00e9 que la question s\u2019\u00e9tait d\u00e9j\u00e0 pos\u00e9e avec l\u2019arriv\u00e9e des t\u00e9l\u00e9phones portables. Or, faisait-il remarquer\u00a0:\u00a0\u00ab\u00a0<em>le march\u00e9 de l\u2019horlogerie n\u2019a fait que cro\u00eetre depuis lors, surtout dans la montre m\u00e9canique<\/em>\u00a0\u00bb.<\/p>\n<p align=\"justify\">Mais selon un analyste de chez Kepler Cheuvreux, les montres connect\u00e9es pourraient empi\u00e9ter sur des marques Suisses d\u2019entr\u00e9e de gamme, comme Swatch ou certains mod\u00e8les de Tissot.<\/p>\n<h2>Les trois versions d\u2019Apple Watch<\/h2>\n<p>L\u2019Apple Watch sera d\u00e9clin\u00e9e en trois mod\u00e8les\u00a0: l\u2019Apple Watch, l\u2019Apple Watch Sport et l\u2019Apple Watch Edition<\/p>\n\n\t\t<style>\n\t\t\t#gallery-1 {\n\t\t\t\tmargin: auto;\n\t\t\t}\n\t\t\t#gallery-1 .gallery-item {\n\t\t\t\tfloat: left;\n\t\t\t\tmargin-top: 10px;\n\t\t\t\ttext-align: center;\n\t\t\t\twidth: 33%;\n\t\t\t}\n\t\t\t#gallery-1 img {\n\t\t\t\tborder: 2px solid #cfcfcf;\n\t\t\t}\n\t\t\t#gallery-1 .gallery-caption {\n\t\t\t\tmargin-left: 0;\n\t\t\t}\n\t\t\t\/* see gallery_shortcode() in wp-includes\/media.php *\/\n\t\t<\/style>\n\t\t<div id='gallery-1' class='gallery galleryid-2978 gallery-columns-3 gallery-size-thumbnail'><dl class='gallery-item'>\n\t\t\t<dt class='gallery-icon landscape'>\n\t\t\t\t<a href='https:\/\/www.dreamchrono.com\/fr\/wp-content\/uploads\/sites\/6\/2014\/09\/watch_pink_leather_large.jpg' title=\"\" data-rl_title=\"\" class=\"rl-gallery-link\" data-rl_caption=\"\" data-rel=\"lightbox-gallery-1\"><img loading=\"lazy\" decoding=\"async\" width=\"150\" height=\"150\" src=\"https:\/\/www.dreamchrono.com\/fr\/wp-content\/uploads\/sites\/6\/2014\/09\/watch_pink_leather_large-150x150.jpg\" class=\"attachment-thumbnail size-thumbnail\" alt=\"Apple Watch\" aria-describedby=\"gallery-1-2985\" \/><\/a>\n\t\t\t<\/dt>\n\t\t\t\t<dd class='wp-caption-text gallery-caption' id='gallery-1-2985'>\n\t\t\t\tApple Watch\n\t\t\t\t<\/dd><\/dl><dl class='gallery-item'>\n\t\t\t<dt class='gallery-icon landscape'>\n\t\t\t\t<a href='https:\/\/www.dreamchrono.com\/fr\/wp-content\/uploads\/sites\/6\/2014\/09\/sport_black_large.jpg' title=\"\" data-rl_title=\"\" class=\"rl-gallery-link\" data-rl_caption=\"\" data-rel=\"lightbox-gallery-1\"><img loading=\"lazy\" decoding=\"async\" width=\"150\" height=\"150\" src=\"https:\/\/www.dreamchrono.com\/fr\/wp-content\/uploads\/sites\/6\/2014\/09\/sport_black_large-150x150.jpg\" class=\"attachment-thumbnail size-thumbnail\" alt=\"Apple Watch - Sport\" aria-describedby=\"gallery-1-2984\" \/><\/a>\n\t\t\t<\/dt>\n\t\t\t\t<dd class='wp-caption-text gallery-caption' id='gallery-1-2984'>\n\t\t\t\tApple Watch &#8211; Sport\n\t\t\t\t<\/dd><\/dl><dl class='gallery-item'>\n\t\t\t<dt class='gallery-icon landscape'>\n\t\t\t\t<a href='https:\/\/www.dreamchrono.com\/fr\/wp-content\/uploads\/sites\/6\/2014\/09\/edition_rose_leather_large.jpg' title=\"\" data-rl_title=\"\" class=\"rl-gallery-link\" data-rl_caption=\"\" data-rel=\"lightbox-gallery-1\"><img loading=\"lazy\" decoding=\"async\" width=\"150\" height=\"150\" src=\"https:\/\/www.dreamchrono.com\/fr\/wp-content\/uploads\/sites\/6\/2014\/09\/edition_rose_leather_large-150x150.jpg\" class=\"attachment-thumbnail size-thumbnail\" alt=\"Apple Watch - Edition\" aria-describedby=\"gallery-1-2983\" \/><\/a>\n\t\t\t<\/dt>\n\t\t\t\t<dd class='wp-caption-text gallery-caption' id='gallery-1-2983'>\n\t\t\t\tApple Watch &#8211; Edition\n\t\t\t\t<\/dd><\/dl><br style=\"clear: both\" \/>\n\t\t<\/div>\n\n<p>Toutes compatibles avec l\u2019iPhone 5, 5S, 5C, 6, et 6 Plus.<br \/>\n<span style=\"line-height: 1.5em;\">Chaque version est disponible avec deux options de <\/span><span style=\"line-height: 1.5em;\">Bo\u00eetier: 38mm ou 42\u00a0mm.<\/span><\/p>\n<h2>Les applications de l\u2019Apple Watch.<\/h2>\n<p>Apple, comme on pouvait s\u2019y attendre, a mis au point des fonctions utiles au consommateur.\u00a0Par exemple, on pourra:<\/p>\n<ul>\n<li>L\u2019utiliser dans le cadre d\u2019Apple Pay, le nouveau service de paiement mobile,<\/li>\n<li>Avoir des informations de voyage quand on prend l\u2019avion,<\/li>\n<li>Trouver sa route avec la fonction GPS,<\/li>\n<li>Ouvrir sa chambre d\u2019h\u00f4tel connect\u00e9e,<\/li>\n<li><span style=\"line-height: 1.5em;\">Et bien sur communiquer (Twitter, Text), meme par le touch\u00e9 (Voir plus bas) !<\/span><\/li>\n<\/ul>\n<div id=\"attachment_2987\" style=\"width: 610px\" class=\"wp-caption aligncenter\"><a href=\"https:\/\/www.dreamchrono.com\/fr\/wp-content\/uploads\/sites\/6\/2014\/09\/apple-watch-applications-health-fitness.jpg\" data-rel=\"lightbox-image-4\" data-rl_title=\"\" data-rl_caption=\"\"><img loading=\"lazy\" decoding=\"async\" aria-describedby=\"caption-attachment-2987\" class=\" wp-image-2987 \" title=\"\" alt=\"Apple Watch Fitness Applications\" src=\"https:\/\/www.dreamchrono.com\/fr\/wp-content\/uploads\/sites\/6\/2014\/09\/apple-watch-applications-health-fitness.jpg\" width=\"600\" height=\"495\" srcset=\"https:\/\/www.dreamchrono.com\/fr\/wp-content\/uploads\/sites\/6\/2014\/09\/apple-watch-applications-health-fitness.jpg 944w, https:\/\/www.dreamchrono.com\/fr\/wp-content\/uploads\/sites\/6\/2014\/09\/apple-watch-applications-health-fitness-300x247.jpg 300w\" sizes=\"auto, (max-width: 600px) 100vw, 600px\" \/><\/a><p id=\"caption-attachment-2987\" class=\"wp-caption-text\">Apple Watch Fitness Applications<\/p><\/div>\n<p align=\"justify\">Entre autres il existe une application BMW afin de trouver sa voiture sur un parking et d\u00e9terminer son niveau de batterie. Et bien plus encore a d\u00e9couvrir\u2026 Car l<span style=\"line-height: 1.5em;\">es d\u00e9veloppeurs peuvent produire des applications sp\u00e9cialement pour l\u2019Apple Watch. On pourra par exemple am\u00e9liorer les notifications au moyen du programme WatchKit qui permet d\u2019envoyer des notifications sur lesquelles on peut agir (recevoir un message, lever le poignet et y r\u00e9pondre\u2026)<\/span><\/p>\n<h2>Apple Watch &#8211; Une nouvelle fa\u00e7on de communiquer\u00a0?<\/h2>\n<p align=\"justify\">L\u2019Apple Watch a sa propre application \u00ab\u00a0digital touch\u00a0\u00bb que l\u2019on actionne gr\u00e2ce \u00e0 un petit bouton situ\u00e9 sous le remontoir. On peut \u00e9changer des dessins avec des amis, leur envoyer notre propre rythme cardiaque pour faire vibrer leur montre\u2026 Selon les pulsations de notre propre c\u0153ur&#8230; Ludique s\u2019il en est\u00a0!<\/p>\n<div id=\"attachment_2988\" style=\"width: 610px\" class=\"wp-caption aligncenter\"><a href=\"https:\/\/www.dreamchrono.com\/fr\/wp-content\/uploads\/sites\/6\/2014\/09\/apple-watch-communiquer.jpg\" data-rel=\"lightbox-image-5\" data-rl_title=\"\" data-rl_caption=\"\"><img loading=\"lazy\" decoding=\"async\" aria-describedby=\"caption-attachment-2988\" class=\" wp-image-2988 \" title=\"\" alt=\"Apple Watch Applications pour communiquer\" src=\"https:\/\/www.dreamchrono.com\/fr\/wp-content\/uploads\/sites\/6\/2014\/09\/apple-watch-communiquer.jpg\" width=\"600\" height=\"352\" srcset=\"https:\/\/www.dreamchrono.com\/fr\/wp-content\/uploads\/sites\/6\/2014\/09\/apple-watch-communiquer.jpg 1568w, https:\/\/www.dreamchrono.com\/fr\/wp-content\/uploads\/sites\/6\/2014\/09\/apple-watch-communiquer-300x176.jpg 300w, https:\/\/www.dreamchrono.com\/fr\/wp-content\/uploads\/sites\/6\/2014\/09\/apple-watch-communiquer-1024x600.jpg 1024w\" sizes=\"auto, (max-width: 600px) 100vw, 600px\" \/><\/a><p id=\"caption-attachment-2988\" class=\"wp-caption-text\">Apple Watch Applications pour communiquer<\/p><\/div>\n<p>Bien sur l\u2019Apple Watch utilise SIRI, le compagnon vocal d\u2019Apple<\/p>\n<h2>Apple Watch &#8211; Des fonctionnalit\u00e9s pour la sant\u00e9 et le sport<\/h2>\n<p align=\"justify\">Ainsi Tim Cook a-t-il expliqu\u00e9 que l\u2019Appel Watch peut aider \u00e0 avoir une meilleure hygi\u00e8ne de vie. Pour ce faire, elle dispose de deux applications\u00a0: Fitness et Workout.\u00a0La montre comporte un acc\u00e9l\u00e9rom\u00e8tre, elle peut utiliser le GPS et d\u00e9tecter le rythme cardiaque.<\/p>\n<h2>Apple Watch &#8211; Une v\u00e9ritable r\u00e9volution technologique<\/h2>\n<p align=\"justify\">Les fabricants de montres Suisses doivent donc rester attentifs et, comme le soulignait St\u00e9phane Linder, le patron de TAG Heuer : \u00ab n<em>ous devons \u00eatre vigilants et anticiper les risques d\u2019une telle r\u00e9volution technologique<\/em> \u00bb.\u00a0Jusqu\u2019\u00e0 maintenant, les montres connect\u00e9es n\u2019avaient pas r\u00e9ussi \u00e0 s\u2019imposer. Samsung en est \u00e0 sa troisi\u00e8me, les deux pr\u00e9c\u00e9dentes n\u2019ayant pas rencontr\u00e9 le succ\u00e8s escompt\u00e9. Sans doute trop grandes et au look peu sexy, ces montres proposaient des fonctions qui, pour l\u2019instant, semblaient mieux adapt\u00e9es au t\u00e9l\u00e9phone portable.<\/p>\n<p align=\"center\"><iframe loading=\"lazy\" src=\"\/\/www.youtube.com\/embed\/ktujsc4ZUTo\" height=\"315\" width=\"560\" allowfullscreen=\"\" frameborder=\"0\" align=\"center\"><\/iframe><\/p>\n<p align=\"justify\">Mais l\u2019<strong>Apple Watch<\/strong> pourrait bien, avec son design sympa, son c\u00f4t\u00e9 ludique et intuitif (le swipe et le \u00ab\u00a0force touch), r\u00e9volutionner le monde de la montre, et cela d\u2019autant plus, que d\u00e9clin\u00e9e en deux tailles, l\u2019Apple Watch sera disponible \u00e0 partir de d\u00e9but 2015 \u00e0 partir de $349.<\/p>\n<p align=\"justify\">Un prix abordable, pour une montre intelligente, ludique et au look sympa. Yes, I do want this watch\u00a0!!!<\/p>\n<p align=\"justify\">Plus d&rsquo;info sur le site Apple Watch (<a href=\"http:\/\/www.apple.com\/fr\/watch\/\">http:\/\/www.apple.com\/fr\/watch\/<\/a>)<\/p>\n","protected":false},"excerpt":{"rendered":"<p>Le 9 septembre 2014, \u00e0 l\u2019occasion de sa conf\u00e9rence de presse (Keynote), 10:00 (PDT) \u00e0 Cupertino, en Californie, Apple a pr\u00e9sent\u00e9 son Apple Watch. On l\u2019attendait, on la redoutait\u2026 La voil\u00e0 enfin\u00a0!\u00a0Beaucoup d\u2019encre avait coul\u00e9 sur ce sujet. Qu\u2019en serait-il de l\u2019avenir de la montre Suisse\u00a0? De nombreux sp\u00e9cialistes redoutant qu\u2019Apple et sa montre, suppos\u00e9e, [&hellip;]<\/p>\n","protected":false},"author":26,"featured_media":2980,"comment_status":"open","ping_status":"open","sticky":false,"template":"","format":"standard","meta":{"_acf_changed":false,"footnotes":""},"categories":[118,71,106],"tags":[201],"class_list":["post-2978","post","type-post","status-publish","format-standard","has-post-thumbnail","hentry","category-apple","category-montres-a-moins-de-500","category-smartwatches","tag-apple","odd"],"acf":[],"amp_enabled":true,"_links":{"self":[{"href":"https:\/\/www.dreamchrono.com\/fr\/wp-json\/wp\/v2\/posts\/2978","targetHints":{"allow":["GET"]}}],"collection":[{"href":"https:\/\/www.dreamchrono.com\/fr\/wp-json\/wp\/v2\/posts"}],"about":[{"href":"https:\/\/www.dreamchrono.com\/fr\/wp-json\/wp\/v2\/types\/post"}],"author":[{"embeddable":true,"href":"https:\/\/www.dreamchrono.com\/fr\/wp-json\/wp\/v2\/users\/26"}],"replies":[{"embeddable":true,"href":"https:\/\/www.dreamchrono.com\/fr\/wp-json\/wp\/v2\/comments?post=2978"}],"version-history":[{"count":6,"href":"https:\/\/www.dreamchrono.com\/fr\/wp-json\/wp\/v2\/posts\/2978\/revisions"}],"predecessor-version":[{"id":2992,"href":"https:\/\/www.dreamchrono.com\/fr\/wp-json\/wp\/v2\/posts\/2978\/revisions\/2992"}],"wp:featuredmedia":[{"embeddable":true,"href":"https:\/\/www.dreamchrono.com\/fr\/wp-json\/wp\/v2\/media\/2980"}],"wp:attachment":[{"href":"https:\/\/www.dreamchrono.com\/fr\/wp-json\/wp\/v2\/media?parent=2978"}],"wp:term":[{"taxonomy":"category","embeddable":true,"href":"https:\/\/www.dreamchrono.com\/fr\/wp-json\/wp\/v2\/categories?post=2978"},{"taxonomy":"post_tag","embeddable":true,"href":"https:\/\/www.dreamchrono.com\/fr\/wp-json\/wp\/v2\/tags?post=2978"}],"curies":[{"name":"wp","href":"https:\/\/api.w.org\/{rel}","templated":true}]}}